{"id":1243,"date":"2018-08-10T05:41:10","date_gmt":"2018-08-10T05:41:10","guid":{"rendered":"https:\/\/www.ffw-ittling.de\/?p=1243"},"modified":"2018-08-10T05:41:10","modified_gmt":"2018-08-10T05:41:10","slug":"alarm-nr-53-2","status":"publish","type":"post","link":"https:\/\/www.ffw-ittling.de\/?p=1243","title":{"rendered":"Alarm Nr. 53"},"content":{"rendered":"<p>09.08.2018<br \/>\n16:39 Uhr \u2013 18:15 Uhr<br \/>\nEinsatzart: THL &#8211; Verkehrsunfall<br \/>\nBeteiligte Fahrzeuge LZ-Ittling: 4.40.1, 4.21.1, 4.10.1<br \/>\nWeitere Kr\u00e4fte: RTW, Polizei<br \/>\nF\u00fchrungskr\u00e4fte vor Ort: SBM 2.4<\/p>\n<p><span style=\"color: #000000; font-family: Calibri;\">Wir wurden zu einem Verkehrsunfall auf die SR12 alarmiert. Als wir an der Einsatzstelle eintrafen stellte uns folgendes Bild: Ein PKW kam von der Fahrbahn ab und \u00fcberschlug sich mehrere Meter, bis er letztendlich auf dem Dach im angrenzenden Feld zum Stehen kam. <\/span><\/p>\n<p><span style=\"color: #000000; font-family: Calibri;\">Der Fahrer konnte sich jedoch selbst befreien und wurde von Ersthelfern und dem eintreffenden Rettungsdienst medizinisch betreut und ins n\u00e4chstgelegene Krankenhaus gebracht. <\/span><\/p>\n<p><span style=\"color: #000000; font-family: Calibri;\">Der L\u00f6schzug Ittling stellte die Verkehrsabsicherung und sicherte den Brandschutz am Fahrzeug. Zudem wurde die Batterie abgeklemmt, damit hier kein Kurzschluss mehr entstehen konnte. <\/span><\/p>\n<p><span style=\"color: #000000; font-family: Calibri;\">Nachdem das Fahrzeug wieder umgedreht wurde, konnte es vom Abschleppdienst aufgenommen werden. Anschlie\u00dfend konnten wir die Verkehrssperre aufheben und wieder in die Zugwache einr\u00fccken.<\/span><\/p>\n<p><a href=\"https:\/\/www.ffw-ittling.de\/wp-content\/uploads\/2018\/08\/6930c4d7-846d-41f6-b847-8a065513fef1.jpg\"><img loading=\"lazy\" decoding=\"async\" class=\"alignnone size-full wp-image-1244\" src=\"https:\/\/www.ffw-ittling.de\/wp-content\/uploads\/2018\/08\/6930c4d7-846d-41f6-b847-8a065513fef1.jpg\" alt=\"\" width=\"768\" height=\"1024\" srcset=\"https:\/\/www.ffw-ittling.de\/wp-content\/uploads\/2018\/08\/6930c4d7-846d-41f6-b847-8a065513fef1.jpg 768w, https:\/\/www.ffw-ittling.de\/wp-content\/uploads\/2018\/08\/6930c4d7-846d-41f6-b847-8a065513fef1-225x300.jpg 225w\" sizes=\"(max-width: 768px) 100vw, 768px\" \/><\/a> <a href=\"https:\/\/www.ffw-ittling.de\/wp-content\/uploads\/2018\/08\/aa5f9d35-8ebd-4262-8ddf-a1518b3a0596.jpg\"><img loading=\"lazy\" decoding=\"async\" class=\"alignnone size-full wp-image-1245\" src=\"https:\/\/www.ffw-ittling.de\/wp-content\/uploads\/2018\/08\/aa5f9d35-8ebd-4262-8ddf-a1518b3a0596.jpg\" alt=\"\" width=\"768\" height=\"1024\" srcset=\"https:\/\/www.ffw-ittling.de\/wp-content\/uploads\/2018\/08\/aa5f9d35-8ebd-4262-8ddf-a1518b3a0596.jpg 768w, https:\/\/www.ffw-ittling.de\/wp-content\/uploads\/2018\/08\/aa5f9d35-8ebd-4262-8ddf-a1518b3a0596-225x300.jpg 225w\" sizes=\"(max-width: 768px) 100vw, 768px\" \/><\/a> <a href=\"https:\/\/www.ffw-ittling.de\/wp-content\/uploads\/2018\/08\/f29549c5-22a4-436a-a33d-2a3855631a0f.jpg\"><img loading=\"lazy\" decoding=\"async\" class=\"alignnone size-full wp-image-1246\" src=\"https:\/\/www.ffw-ittling.de\/wp-content\/uploads\/2018\/08\/f29549c5-22a4-436a-a33d-2a3855631a0f.jpg\" alt=\"\" width=\"1024\" height=\"768\" srcset=\"https:\/\/www.ffw-ittling.de\/wp-content\/uploads\/2018\/08\/f29549c5-22a4-436a-a33d-2a3855631a0f.jpg 1024w, https:\/\/www.ffw-ittling.de\/wp-content\/uploads\/2018\/08\/f29549c5-22a4-436a-a33d-2a3855631a0f-300x225.jpg 300w, https:\/\/www.ffw-ittling.de\/wp-content\/uploads\/2018\/08\/f29549c5-22a4-436a-a33d-2a3855631a0f-768x576.jpg 768w, https:\/\/www.ffw-ittling.de\/wp-content\/uploads\/2018\/08\/f29549c5-22a4-436a-a33d-2a3855631a0f-131x98.jpg 131w\" sizes=\"(max-width: 1024px) 100vw, 1024px\" \/><\/a><\/p>\n","protected":false},"excerpt":{"rendered":"<p>09.08.2018 16:39 Uhr \u2013 18:15 Uhr Einsatzart: THL &#8211; Verkehrsunfall Beteiligte Fahrzeuge LZ-Ittling: 4.40.1, 4.21.1, 4.10.1 Weitere Kr\u00e4fte: RTW, Polizei F\u00fchrungskr\u00e4fte vor Ort: SBM 2.4 Wir wurden zu einem Verkehrsunfall auf die SR12 alarmiert. Als wir an der Einsatzstelle eintrafen stellte uns folgendes Bild: Ein PKW kam von der Fahrbahn ab und \u00fcberschlug sich mehrere [&hellip;]<\/p>\n","protected":false},"author":5,"featured_media":0,"comment_status":"open","ping_status":"open","sticky":false,"template":"","format":"standard","meta":{"footnotes":""},"categories":[4,14],"tags":[],"_links":{"self":[{"href":"https:\/\/www.ffw-ittling.de\/index.php?rest_route=\/wp\/v2\/posts\/1243"}],"collection":[{"href":"https:\/\/www.ffw-ittling.de\/index.php?rest_route=\/wp\/v2\/posts"}],"about":[{"href":"https:\/\/www.ffw-ittling.de\/index.php?rest_route=\/wp\/v2\/types\/post"}],"author":[{"embeddable":true,"href":"https:\/\/www.ffw-ittling.de\/index.php?rest_route=\/wp\/v2\/users\/5"}],"replies":[{"embeddable":true,"href":"https:\/\/www.ffw-ittling.de\/index.php?rest_route=%2Fwp%2Fv2%2Fcomments&post=1243"}],"version-history":[{"count":1,"href":"https:\/\/www.ffw-ittling.de\/index.php?rest_route=\/wp\/v2\/posts\/1243\/revisions"}],"predecessor-version":[{"id":1247,"href":"https:\/\/www.ffw-ittling.de\/index.php?rest_route=\/wp\/v2\/posts\/1243\/revisions\/1247"}],"wp:attachment":[{"href":"https:\/\/www.ffw-ittling.de\/index.php?rest_route=%2Fwp%2Fv2%2Fmedia&parent=1243"}],"wp:term":[{"taxonomy":"category","embeddable":true,"href":"https:\/\/www.ffw-ittling.de\/index.php?rest_route=%2Fwp%2Fv2%2Fcategories&post=1243"},{"taxonomy":"post_tag","embeddable":true,"href":"https:\/\/www.ffw-ittling.de\/index.php?rest_route=%2Fwp%2Fv2%2Ftags&post=1243"}],"curies":[{"name":"wp","href":"https:\/\/api.w.org\/{rel}","templated":true}]}}