{"id":2014,"date":"2020-04-27T09:36:27","date_gmt":"2020-04-27T09:36:27","guid":{"rendered":"https:\/\/www.ffw-ittling.de\/?p=2014"},"modified":"2020-04-27T09:36:28","modified_gmt":"2020-04-27T09:36:28","slug":"alarm-nr-36-4","status":"publish","type":"post","link":"https:\/\/www.ffw-ittling.de\/?p=2014","title":{"rendered":"Alarm Nr. 36"},"content":{"rendered":"\n<p>24.04.2020  <br>Einsatzzeit: 08:36 Uhr \u2013\u00a010:45 Uhr     <br>Einsatzart: Brand LKW<br>Fahrzeuge LZ-Ittling: 4.40.1, 4.10.1, 4.21.1,<br>F\u00fchrungskr\u00e4fte: KBI, KBM<br>Weitere Einsatzkr\u00e4fte: L\u00f6schzug Zentrum, FF-Amselfing, FF-Schambach, BRK, POL<\/p>\n\n\n\n<p>Wir wurden zu einem LKW Brand auf die SR12 im Straubinger Hafengebiet alarmiert. Bei eintreffend er Einsatzkr\u00e4fte stellte sich heraus, das ein M\u00fcll-LKW in Vollbrand geraten war. Ein Atemschutztrupp von Amselfing und von Ittling begannen sofort mit der Brandbek\u00e4mpfung um eine Ausbreitung zu verhindern. Zus\u00e4tzlich sorgten unser Tankl\u00f6schfahrzeug und das TLF vom LZ-Zentrum f\u00fcr eine ausreichende Wasserversorgung. Nachdem der Brand gel\u00f6scht und unter Kontrolle war, konnten wir wieder einr\u00fccken. <\/p>\n\n\n\n<figure class=\"wp-block-image size-large\"><img loading=\"lazy\" decoding=\"async\" width=\"1024\" height=\"576\" src=\"https:\/\/www.ffw-ittling.de\/wp-content\/uploads\/2020\/04\/153e7060-dbbe-4d5c-8d62-d325d8c75de5-1024x576.jpg\" alt=\"\" class=\"wp-image-2012\" srcset=\"https:\/\/www.ffw-ittling.de\/wp-content\/uploads\/2020\/04\/153e7060-dbbe-4d5c-8d62-d325d8c75de5-1024x576.jpg 1024w, https:\/\/www.ffw-ittling.de\/wp-content\/uploads\/2020\/04\/153e7060-dbbe-4d5c-8d62-d325d8c75de5-300x169.jpg 300w, https:\/\/www.ffw-ittling.de\/wp-content\/uploads\/2020\/04\/153e7060-dbbe-4d5c-8d62-d325d8c75de5-768x432.jpg 768w, https:\/\/www.ffw-ittling.de\/wp-content\/uploads\/2020\/04\/153e7060-dbbe-4d5c-8d62-d325d8c75de5-1536x864.jpg 1536w, https:\/\/www.ffw-ittling.de\/wp-content\/uploads\/2020\/04\/153e7060-dbbe-4d5c-8d62-d325d8c75de5-394x221.jpg 394w, https:\/\/www.ffw-ittling.de\/wp-content\/uploads\/2020\/04\/153e7060-dbbe-4d5c-8d62-d325d8c75de5.jpg 1599w\" sizes=\"(max-width: 1024px) 100vw, 1024px\" \/><\/figure>\n\n\n\n<figure class=\"wp-block-image size-large is-resized\"><img loading=\"lazy\" decoding=\"async\" src=\"https:\/\/www.ffw-ittling.de\/wp-content\/uploads\/2020\/04\/a3858135-be88-4924-a73c-dc409e333d5c-1024x576.jpg\" alt=\"\" class=\"wp-image-2013\" width=\"545\" height=\"306\" srcset=\"https:\/\/www.ffw-ittling.de\/wp-content\/uploads\/2020\/04\/a3858135-be88-4924-a73c-dc409e333d5c-1024x576.jpg 1024w, https:\/\/www.ffw-ittling.de\/wp-content\/uploads\/2020\/04\/a3858135-be88-4924-a73c-dc409e333d5c-300x169.jpg 300w, https:\/\/www.ffw-ittling.de\/wp-content\/uploads\/2020\/04\/a3858135-be88-4924-a73c-dc409e333d5c-768x432.jpg 768w, https:\/\/www.ffw-ittling.de\/wp-content\/uploads\/2020\/04\/a3858135-be88-4924-a73c-dc409e333d5c-1536x864.jpg 1536w, https:\/\/www.ffw-ittling.de\/wp-content\/uploads\/2020\/04\/a3858135-be88-4924-a73c-dc409e333d5c-394x221.jpg 394w, https:\/\/www.ffw-ittling.de\/wp-content\/uploads\/2020\/04\/a3858135-be88-4924-a73c-dc409e333d5c.jpg 1599w\" sizes=\"(max-width: 545px) 100vw, 545px\" \/><figcaption><br><br><\/figcaption><\/figure>\n","protected":false},"excerpt":{"rendered":"<p>24.04.2020 Einsatzzeit: 08:36 Uhr \u2013\u00a010:45 Uhr Einsatzart: Brand LKWFahrzeuge LZ-Ittling: 4.40.1, 4.10.1, 4.21.1,F\u00fchrungskr\u00e4fte: KBI, KBMWeitere Einsatzkr\u00e4fte: L\u00f6schzug Zentrum, FF-Amselfing, FF-Schambach, BRK, POL Wir wurden zu einem LKW Brand auf die SR12 im Straubinger Hafengebiet alarmiert. Bei eintreffend er Einsatzkr\u00e4fte stellte sich heraus, das ein M\u00fcll-LKW in Vollbrand geraten war. Ein Atemschutztrupp von Amselfing und von [&hellip;]<\/p>\n","protected":false},"author":5,"featured_media":0,"comment_status":"open","ping_status":"open","sticky":false,"template":"","format":"standard","meta":{"footnotes":""},"categories":[4,18],"tags":[],"_links":{"self":[{"href":"https:\/\/www.ffw-ittling.de\/index.php?rest_route=\/wp\/v2\/posts\/2014"}],"collection":[{"href":"https:\/\/www.ffw-ittling.de\/index.php?rest_route=\/wp\/v2\/posts"}],"about":[{"href":"https:\/\/www.ffw-ittling.de\/index.php?rest_route=\/wp\/v2\/types\/post"}],"author":[{"embeddable":true,"href":"https:\/\/www.ffw-ittling.de\/index.php?rest_route=\/wp\/v2\/users\/5"}],"replies":[{"embeddable":true,"href":"https:\/\/www.ffw-ittling.de\/index.php?rest_route=%2Fwp%2Fv2%2Fcomments&post=2014"}],"version-history":[{"count":1,"href":"https:\/\/www.ffw-ittling.de\/index.php?rest_route=\/wp\/v2\/posts\/2014\/revisions"}],"predecessor-version":[{"id":2015,"href":"https:\/\/www.ffw-ittling.de\/index.php?rest_route=\/wp\/v2\/posts\/2014\/revisions\/2015"}],"wp:attachment":[{"href":"https:\/\/www.ffw-ittling.de\/index.php?rest_route=%2Fwp%2Fv2%2Fmedia&parent=2014"}],"wp:term":[{"taxonomy":"category","embeddable":true,"href":"https:\/\/www.ffw-ittling.de\/index.php?rest_route=%2Fwp%2Fv2%2Fcategories&post=2014"},{"taxonomy":"post_tag","embeddable":true,"href":"https:\/\/www.ffw-ittling.de\/index.php?rest_route=%2Fwp%2Fv2%2Ftags&post=2014"}],"curies":[{"name":"wp","href":"https:\/\/api.w.org\/{rel}","templated":true}]}}