{"id":2930,"date":"2023-11-27T06:48:50","date_gmt":"2023-11-27T06:48:50","guid":{"rendered":"https:\/\/www.ffw-ittling.de\/?p=2930"},"modified":"2023-11-27T06:48:52","modified_gmt":"2023-11-27T06:48:52","slug":"alarm-nr-67-7","status":"publish","type":"post","link":"https:\/\/www.ffw-ittling.de\/?p=2930","title":{"rendered":"Alarm Nr. 67"},"content":{"rendered":"\n<p>Einsatzzeit: 13:34 \u2013 15:30 Uhr<\/p>\n\n\n\n<p>Einsatzart: THL Umgest\u00fcrzter Radlader<\/p>\n\n\n\n<p>Fahrzeuge LZ-Ittling: 4.10.1, 4.40.1<\/p>\n\n\n\n<p>Zu einem umgest\u00fcrzten Radlader wurden wir am fr\u00fchen Nachmittag alarmiert. Dieser ist von der Fahrbahn abgekommen und Richtung Graben gekippt. Der Fahrer wurde bei dem Unfall verletzt und musste aus der Kabine befreit werden. Mittels zwei Spezialfahrzeugen konnte der Radlader geborgen werden. Danach r\u00fcckten wir wieder in die Zugwache ein.<\/p>\n\n\n\n<figure class=\"wp-block-image size-full is-resized\"><img loading=\"lazy\" decoding=\"async\" width=\"1024\" height=\"768\" src=\"https:\/\/www.ffw-ittling.de\/wp-content\/uploads\/2023\/11\/PHOTO-2023-08-31-19-59-10.jpg\" alt=\"\" class=\"wp-image-2932\" style=\"width:312px;height:233px\" srcset=\"https:\/\/www.ffw-ittling.de\/wp-content\/uploads\/2023\/11\/PHOTO-2023-08-31-19-59-10.jpg 1024w, https:\/\/www.ffw-ittling.de\/wp-content\/uploads\/2023\/11\/PHOTO-2023-08-31-19-59-10-300x225.jpg 300w, https:\/\/www.ffw-ittling.de\/wp-content\/uploads\/2023\/11\/PHOTO-2023-08-31-19-59-10-768x576.jpg 768w, https:\/\/www.ffw-ittling.de\/wp-content\/uploads\/2023\/11\/PHOTO-2023-08-31-19-59-10-131x98.jpg 131w\" sizes=\"(max-width: 1024px) 100vw, 1024px\" \/><\/figure>\n\n\n\n<figure class=\"wp-block-image size-full is-resized\"><img loading=\"lazy\" decoding=\"async\" width=\"768\" height=\"1024\" src=\"https:\/\/www.ffw-ittling.de\/wp-content\/uploads\/2023\/11\/PHOTO-2023-08-31-19-59-16-1.jpg\" alt=\"\" class=\"wp-image-2933\" style=\"width:310px;height:414px\" srcset=\"https:\/\/www.ffw-ittling.de\/wp-content\/uploads\/2023\/11\/PHOTO-2023-08-31-19-59-16-1.jpg 768w, https:\/\/www.ffw-ittling.de\/wp-content\/uploads\/2023\/11\/PHOTO-2023-08-31-19-59-16-1-225x300.jpg 225w\" sizes=\"(max-width: 768px) 100vw, 768px\" \/><\/figure>\n\n\n\n<figure class=\"wp-block-image size-full is-resized\"><img loading=\"lazy\" decoding=\"async\" width=\"1024\" height=\"768\" src=\"https:\/\/www.ffw-ittling.de\/wp-content\/uploads\/2023\/11\/PHOTO-2023-08-31-19-59-50.jpg\" alt=\"\" class=\"wp-image-2934\" style=\"width:310px;height:232px\" srcset=\"https:\/\/www.ffw-ittling.de\/wp-content\/uploads\/2023\/11\/PHOTO-2023-08-31-19-59-50.jpg 1024w, https:\/\/www.ffw-ittling.de\/wp-content\/uploads\/2023\/11\/PHOTO-2023-08-31-19-59-50-300x225.jpg 300w, https:\/\/www.ffw-ittling.de\/wp-content\/uploads\/2023\/11\/PHOTO-2023-08-31-19-59-50-768x576.jpg 768w, https:\/\/www.ffw-ittling.de\/wp-content\/uploads\/2023\/11\/PHOTO-2023-08-31-19-59-50-131x98.jpg 131w\" sizes=\"(max-width: 1024px) 100vw, 1024px\" \/><\/figure>\n","protected":false},"excerpt":{"rendered":"<p>Einsatzzeit: 13:34 \u2013 15:30 Uhr Einsatzart: THL Umgest\u00fcrzter Radlader Fahrzeuge LZ-Ittling: 4.10.1, 4.40.1 Zu einem umgest\u00fcrzten Radlader wurden wir am fr\u00fchen Nachmittag alarmiert. Dieser ist von der Fahrbahn abgekommen und Richtung Graben gekippt. Der Fahrer wurde bei dem Unfall verletzt und musste aus der Kabine befreit werden. Mittels zwei Spezialfahrzeugen konnte der Radlader geborgen werden. [&hellip;]<\/p>\n","protected":false},"author":10,"featured_media":0,"comment_status":"open","ping_status":"open","sticky":false,"template":"","format":"standard","meta":{"footnotes":""},"categories":[22],"tags":[],"_links":{"self":[{"href":"https:\/\/www.ffw-ittling.de\/index.php?rest_route=\/wp\/v2\/posts\/2930"}],"collection":[{"href":"https:\/\/www.ffw-ittling.de\/index.php?rest_route=\/wp\/v2\/posts"}],"about":[{"href":"https:\/\/www.ffw-ittling.de\/index.php?rest_route=\/wp\/v2\/types\/post"}],"author":[{"embeddable":true,"href":"https:\/\/www.ffw-ittling.de\/index.php?rest_route=\/wp\/v2\/users\/10"}],"replies":[{"embeddable":true,"href":"https:\/\/www.ffw-ittling.de\/index.php?rest_route=%2Fwp%2Fv2%2Fcomments&post=2930"}],"version-history":[{"count":2,"href":"https:\/\/www.ffw-ittling.de\/index.php?rest_route=\/wp\/v2\/posts\/2930\/revisions"}],"predecessor-version":[{"id":2948,"href":"https:\/\/www.ffw-ittling.de\/index.php?rest_route=\/wp\/v2\/posts\/2930\/revisions\/2948"}],"wp:attachment":[{"href":"https:\/\/www.ffw-ittling.de\/index.php?rest_route=%2Fwp%2Fv2%2Fmedia&parent=2930"}],"wp:term":[{"taxonomy":"category","embeddable":true,"href":"https:\/\/www.ffw-ittling.de\/index.php?rest_route=%2Fwp%2Fv2%2Fcategories&post=2930"},{"taxonomy":"post_tag","embeddable":true,"href":"https:\/\/www.ffw-ittling.de\/index.php?rest_route=%2Fwp%2Fv2%2Ftags&post=2930"}],"curies":[{"name":"wp","href":"https:\/\/api.w.org\/{rel}","templated":true}]}}