{"id":306,"date":"2017-06-29T08:08:56","date_gmt":"2017-06-29T08:08:56","guid":{"rendered":"http:\/\/www.ff-ittling.de\/?p=306"},"modified":"2017-06-29T08:09:07","modified_gmt":"2017-06-29T08:09:07","slug":"alarm-nr-33","status":"publish","type":"post","link":"https:\/\/www.ffw-ittling.de\/?p=306","title":{"rendered":"Alarm Nr. 33"},"content":{"rendered":"<p>Alarm Nr. 33 2017<br \/>\n22.06.2017<br \/>\n14:41 Uhr &#8211; 15:30 Uhr<br \/>\nAlarm f\u00fcr LZ Ittling und Feuerwehr Amselfing<\/p>\n<p>Wir wurden zu einem Brand Wiese alarmiert. Auf der SR 12 brannte ein kleines St\u00fcck Wiese neben der Stra\u00dfe. Bei unserem Eintreffen war das Feuer bereits gel\u00f6scht. Somit mussten wir nur noch die Nachl\u00f6scharbeiten durchf\u00fchren. Nachdem wir das Gras mit Hilfe des Schnellangriffs aus unserem TLF 3000 bew\u00e4ssert hatten, konnten wir wieder einr\u00fccken.<\/p>\n\n\t\t<style type=\"text\/css\">\n\t\t\t#gallery-1 {\n\t\t\t\tmargin: auto;\n\t\t\t}\n\t\t\t#gallery-1 .gallery-item {\n\t\t\t\tfloat: left;\n\t\t\t\tmargin-top: 10px;\n\t\t\t\ttext-align: center;\n\t\t\t\twidth: 100%;\n\t\t\t}\n\t\t\t#gallery-1 img {\n\t\t\t\tborder: 2px solid #cfcfcf;\n\t\t\t}\n\t\t\t#gallery-1 .gallery-caption {\n\t\t\t\tmargin-left: 0;\n\t\t\t}\n\t\t\t\/* see gallery_shortcode() in wp-includes\/media.php *\/\n\t\t<\/style>\n\t\t<div id='gallery-1' class='gallery galleryid-306 gallery-columns-1 gallery-size-thumbnail'><dl class='gallery-item'>\n\t\t\t<dt class='gallery-icon portrait'>\n\t\t\t\t<a href='https:\/\/www.ffw-ittling.de\/wp-content\/uploads\/Eins\u00e4tze_2017\/20170622_Br_SR12.jpg'><img loading=\"lazy\" decoding=\"async\" width=\"150\" height=\"150\" src=\"https:\/\/www.ffw-ittling.de\/wp-content\/uploads\/Eins\u00e4tze_2017\/20170622_Br_SR12-150x150.jpg\" class=\"attachment-thumbnail size-thumbnail\" alt=\"\" srcset=\"https:\/\/www.ffw-ittling.de\/wp-content\/uploads\/Eins\u00e4tze_2017\/20170622_Br_SR12-150x150.jpg 150w, https:\/\/www.ffw-ittling.de\/wp-content\/uploads\/Eins\u00e4tze_2017\/20170622_Br_SR12-300x300.jpg 300w\" sizes=\"(max-width: 150px) 100vw, 150px\" \/><\/a>\n\t\t\t<\/dt><\/dl><br style=\"clear: both\" \/>\n\t\t<\/div>\n\n","protected":false},"excerpt":{"rendered":"<p>Alarm Nr. 33 2017 22.06.2017 14:41 Uhr &#8211; 15:30 Uhr Alarm f\u00fcr LZ Ittling und Feuerwehr Amselfing Wir wurden zu einem Brand Wiese alarmiert. Auf der SR 12 brannte ein kleines St\u00fcck Wiese neben der Stra\u00dfe. Bei unserem Eintreffen war das Feuer bereits gel\u00f6scht. Somit mussten wir nur noch die Nachl\u00f6scharbeiten durchf\u00fchren. Nachdem wir das [&hellip;]<\/p>\n","protected":false},"author":1,"featured_media":0,"comment_status":"open","ping_status":"open","sticky":false,"template":"","format":"standard","meta":{"footnotes":""},"categories":[3],"tags":[],"_links":{"self":[{"href":"https:\/\/www.ffw-ittling.de\/index.php?rest_route=\/wp\/v2\/posts\/306"}],"collection":[{"href":"https:\/\/www.ffw-ittling.de\/index.php?rest_route=\/wp\/v2\/posts"}],"about":[{"href":"https:\/\/www.ffw-ittling.de\/index.php?rest_route=\/wp\/v2\/types\/post"}],"author":[{"embeddable":true,"href":"https:\/\/www.ffw-ittling.de\/index.php?rest_route=\/wp\/v2\/users\/1"}],"replies":[{"embeddable":true,"href":"https:\/\/www.ffw-ittling.de\/index.php?rest_route=%2Fwp%2Fv2%2Fcomments&post=306"}],"version-history":[{"count":1,"href":"https:\/\/www.ffw-ittling.de\/index.php?rest_route=\/wp\/v2\/posts\/306\/revisions"}],"predecessor-version":[{"id":307,"href":"https:\/\/www.ffw-ittling.de\/index.php?rest_route=\/wp\/v2\/posts\/306\/revisions\/307"}],"wp:attachment":[{"href":"https:\/\/www.ffw-ittling.de\/index.php?rest_route=%2Fwp%2Fv2%2Fmedia&parent=306"}],"wp:term":[{"taxonomy":"category","embeddable":true,"href":"https:\/\/www.ffw-ittling.de\/index.php?rest_route=%2Fwp%2Fv2%2Fcategories&post=306"},{"taxonomy":"post_tag","embeddable":true,"href":"https:\/\/www.ffw-ittling.de\/index.php?rest_route=%2Fwp%2Fv2%2Ftags&post=306"}],"curies":[{"name":"wp","href":"https:\/\/api.w.org\/{rel}","templated":true}]}}