{"id":949,"date":"2018-02-18T10:24:51","date_gmt":"2018-02-18T10:24:51","guid":{"rendered":"http:\/\/www.ff-ittling.de\/?p=949"},"modified":"2018-02-18T10:24:51","modified_gmt":"2018-02-18T10:24:51","slug":"alarm-nr-12-2","status":"publish","type":"post","link":"https:\/\/www.ffw-ittling.de\/?p=949","title":{"rendered":"Alarm Nr. 12"},"content":{"rendered":"<p>18.02.2018<br \/>\n08:52 Uhr \u2013 10:00 Uhr<br \/>\nAlarm f\u00fcr LZ-Ittling, FF Amselfing, FF Stra\u00dfkirchen, FF Geiselh\u00f6ring, FF Bogen, KBI Markus Huber<\/p>\n<p class=\"p1\"><span class=\"s1\">Wir wurden heute morgen zu einem Verkehrsunfall mit der Meldung \u201ePKW gegen Zug, Person eingeklemmt\u201c alarmiert. Beim eintreffen wurde die verletzte Person bereits durch die Kameraden der FF Amselfing befreit und vom Rettungsdienst betreut. Zus\u00e4tzlich wurde noch kontrolliert ob es verletzte Personen im Zug gab, der in Richtung Bogen unterwegs war. <\/span><\/p>\n<p class=\"p1\"><span class=\"s1\">Nachdem die verletzte Person im Rettungswagen vom Rettungsdienst behandelt wurde, konnte mit den Aufr\u00e4umarbeiten begonnen werden. Anschlie\u00dfend konnten wir wieder in die Zugwache einr\u00fccken. <\/span><\/p>\n<p><a href=\"http:\/\/www.ff-ittling.de\/wp-content\/uploads\/2018\/02\/4cb20743-af51-4e87-9f87-2fb68e6adb1e-1.jpg\"><img loading=\"lazy\" decoding=\"async\" class=\"alignnone size-full wp-image-951\" src=\"http:\/\/www.ff-ittling.de\/wp-content\/uploads\/2018\/02\/4cb20743-af51-4e87-9f87-2fb68e6adb1e-1.jpg\" alt=\"\" width=\"1024\" height=\"768\" srcset=\"https:\/\/www.ffw-ittling.de\/wp-content\/uploads\/2018\/02\/4cb20743-af51-4e87-9f87-2fb68e6adb1e-1.jpg 1024w, https:\/\/www.ffw-ittling.de\/wp-content\/uploads\/2018\/02\/4cb20743-af51-4e87-9f87-2fb68e6adb1e-1-300x225.jpg 300w, https:\/\/www.ffw-ittling.de\/wp-content\/uploads\/2018\/02\/4cb20743-af51-4e87-9f87-2fb68e6adb1e-1-768x576.jpg 768w, https:\/\/www.ffw-ittling.de\/wp-content\/uploads\/2018\/02\/4cb20743-af51-4e87-9f87-2fb68e6adb1e-1-131x98.jpg 131w\" sizes=\"(max-width: 1024px) 100vw, 1024px\" \/><\/a> <a href=\"http:\/\/www.ff-ittling.de\/wp-content\/uploads\/2018\/02\/834ae08c-ada5-45d4-83b8-c1eea98f7f97.jpg\"><img loading=\"lazy\" decoding=\"async\" class=\"alignnone size-full wp-image-953\" src=\"http:\/\/www.ff-ittling.de\/wp-content\/uploads\/2018\/02\/834ae08c-ada5-45d4-83b8-c1eea98f7f97.jpg\" alt=\"\" width=\"1024\" height=\"768\" srcset=\"https:\/\/www.ffw-ittling.de\/wp-content\/uploads\/2018\/02\/834ae08c-ada5-45d4-83b8-c1eea98f7f97.jpg 1024w, https:\/\/www.ffw-ittling.de\/wp-content\/uploads\/2018\/02\/834ae08c-ada5-45d4-83b8-c1eea98f7f97-300x225.jpg 300w, https:\/\/www.ffw-ittling.de\/wp-content\/uploads\/2018\/02\/834ae08c-ada5-45d4-83b8-c1eea98f7f97-768x576.jpg 768w, https:\/\/www.ffw-ittling.de\/wp-content\/uploads\/2018\/02\/834ae08c-ada5-45d4-83b8-c1eea98f7f97-131x98.jpg 131w\" sizes=\"(max-width: 1024px) 100vw, 1024px\" \/><\/a> <a href=\"http:\/\/www.ff-ittling.de\/wp-content\/uploads\/2018\/02\/6ae0b8a1-c850-4814-af83-34755a3d97d5.jpg\"><img loading=\"lazy\" decoding=\"async\" class=\"alignnone size-full wp-image-952\" src=\"http:\/\/www.ff-ittling.de\/wp-content\/uploads\/2018\/02\/6ae0b8a1-c850-4814-af83-34755a3d97d5.jpg\" alt=\"\" width=\"1024\" height=\"768\" srcset=\"https:\/\/www.ffw-ittling.de\/wp-content\/uploads\/2018\/02\/6ae0b8a1-c850-4814-af83-34755a3d97d5.jpg 1024w, https:\/\/www.ffw-ittling.de\/wp-content\/uploads\/2018\/02\/6ae0b8a1-c850-4814-af83-34755a3d97d5-300x225.jpg 300w, https:\/\/www.ffw-ittling.de\/wp-content\/uploads\/2018\/02\/6ae0b8a1-c850-4814-af83-34755a3d97d5-768x576.jpg 768w, https:\/\/www.ffw-ittling.de\/wp-content\/uploads\/2018\/02\/6ae0b8a1-c850-4814-af83-34755a3d97d5-131x98.jpg 131w\" sizes=\"(max-width: 1024px) 100vw, 1024px\" \/><\/a><\/p>\n","protected":false},"excerpt":{"rendered":"<p>18.02.2018 08:52 Uhr \u2013 10:00 Uhr Alarm f\u00fcr LZ-Ittling, FF Amselfing, FF Stra\u00dfkirchen, FF Geiselh\u00f6ring, FF Bogen, KBI Markus Huber Wir wurden heute morgen zu einem Verkehrsunfall mit der Meldung \u201ePKW gegen Zug, Person eingeklemmt\u201c alarmiert. Beim eintreffen wurde die verletzte Person bereits durch die Kameraden der FF Amselfing befreit und vom Rettungsdienst betreut. Zus\u00e4tzlich [&hellip;]<\/p>\n","protected":false},"author":5,"featured_media":0,"comment_status":"open","ping_status":"open","sticky":false,"template":"","format":"standard","meta":{"footnotes":""},"categories":[4,14],"tags":[],"_links":{"self":[{"href":"https:\/\/www.ffw-ittling.de\/index.php?rest_route=\/wp\/v2\/posts\/949"}],"collection":[{"href":"https:\/\/www.ffw-ittling.de\/index.php?rest_route=\/wp\/v2\/posts"}],"about":[{"href":"https:\/\/www.ffw-ittling.de\/index.php?rest_route=\/wp\/v2\/types\/post"}],"author":[{"embeddable":true,"href":"https:\/\/www.ffw-ittling.de\/index.php?rest_route=\/wp\/v2\/users\/5"}],"replies":[{"embeddable":true,"href":"https:\/\/www.ffw-ittling.de\/index.php?rest_route=%2Fwp%2Fv2%2Fcomments&post=949"}],"version-history":[{"count":1,"href":"https:\/\/www.ffw-ittling.de\/index.php?rest_route=\/wp\/v2\/posts\/949\/revisions"}],"predecessor-version":[{"id":954,"href":"https:\/\/www.ffw-ittling.de\/index.php?rest_route=\/wp\/v2\/posts\/949\/revisions\/954"}],"wp:attachment":[{"href":"https:\/\/www.ffw-ittling.de\/index.php?rest_route=%2Fwp%2Fv2%2Fmedia&parent=949"}],"wp:term":[{"taxonomy":"category","embeddable":true,"href":"https:\/\/www.ffw-ittling.de\/index.php?rest_route=%2Fwp%2Fv2%2Fcategories&post=949"},{"taxonomy":"post_tag","embeddable":true,"href":"https:\/\/www.ffw-ittling.de\/index.php?rest_route=%2Fwp%2Fv2%2Ftags&post=949"}],"curies":[{"name":"wp","href":"https:\/\/api.w.org\/{rel}","templated":true}]}}